{"id":61,"date":"2026-01-21T11:35:15","date_gmt":"2026-01-21T11:35:15","guid":{"rendered":"https:\/\/mirovornanen.mediasaari.fi\/?p=61"},"modified":"2026-01-21T12:49:49","modified_gmt":"2026-01-21T12:49:49","slug":"paivani-tuoreessa-kulttuuripaakaupungissa","status":"publish","type":"post","link":"https:\/\/mirovornanen.mediasaari.fi\/index.php\/2026\/01\/21\/paivani-tuoreessa-kulttuuripaakaupungissa\/","title":{"rendered":"P\u00e4iv\u00e4ni tuoreessa kulttuurip\u00e4\u00e4kaupungissa"},"content":{"rendered":"\n<div class=\"wp-block-columns is-layout-flex wp-container-core-columns-is-layout-9d6595d7 wp-block-columns-is-layout-flex\">\n<div class=\"wp-block-column is-layout-flow wp-block-column-is-layout-flow\"><\/div>\n\n\n\n<div class=\"wp-block-column is-layout-flow wp-block-column-is-layout-flow\"><\/div>\n<\/div>\n\n\n\n<figure class=\"wp-block-image size-large\"><img loading=\"lazy\" decoding=\"async\" width=\"1024\" height=\"768\" src=\"https:\/\/mirovornanen.mediasaari.fi\/wp-content\/uploads\/2026\/01\/telakka-kuva-dj-nettiversio-1024x768.jpg\" alt=\"\" class=\"wp-image-62\" srcset=\"https:\/\/mirovornanen.mediasaari.fi\/wp-content\/uploads\/2026\/01\/telakka-kuva-dj-nettiversio-1024x768.jpg 1024w, https:\/\/mirovornanen.mediasaari.fi\/wp-content\/uploads\/2026\/01\/telakka-kuva-dj-nettiversio-300x225.jpg 300w, https:\/\/mirovornanen.mediasaari.fi\/wp-content\/uploads\/2026\/01\/telakka-kuva-dj-nettiversio-768x576.jpg 768w, https:\/\/mirovornanen.mediasaari.fi\/wp-content\/uploads\/2026\/01\/telakka-kuva-dj-nettiversio.jpg 1440w\" sizes=\"auto, (max-width: 1024px) 100vw, 1024px\" \/><\/figure>\n\n\n\n<p>Oulu 2026 kulttuurip\u00e4\u00e4kaupunki Avajaisfestareille odotettiin kymmeni\u00e4 tuhansia ihmisi\u00e4. Arvion mukaan k\u00e4vij\u00e4m\u00e4\u00e4r\u00e4 oli kokonaisuudessaan noin 250 000, joista 9 000 oli torinrannassa \u2013 min\u00e4 en. Samana p\u00e4iv\u00e4n\u00e4 oli Toppilan telakalla bileet, joissa toimin DJ:n\u00e4, ja aikani kului pitk\u00e4lti soundcheckeihin ja levyjen pl\u00e4r\u00e4\u00e4miseen. En siis p\u00e4\u00e4ssyt todistamaan avajaisfestareiden huumaa paikan p\u00e4\u00e4ll\u00e4.<\/p>\n\n\n\n<p>Kuulin kuitenkin, ett\u00e4 kaupungin vilin\u00e4 oli ollut hurjaa ja ett\u00e4 jopa presidentti oli n\u00e4hty jossain. Itse\u00e4ni tuo henkil\u00f6 ei niin paljoa kiinnosta, mutta kokemus varmaan sekin. Jos aikaa olisi ollut, olisin k\u00e4ytt\u00e4nyt sen saamelaisen taiteen n\u00e4yttelyyn, joka pidettiin Oulun taidemuseolla. No, aikaahan minulla ei ollut, mutta olen eritt\u00e4in tyytyv\u00e4inen iltaan, joka telakalla koettiin.<\/p>\n\n\n\n<p>Ihmisi\u00e4 saapui paikalle ymp\u00e4ri Suomea todistamaan t\u00e4t\u00e4 r\u00e4pin ja electron t\u00e4ytt\u00e4m\u00e4\u00e4 juhlaa. Mallassauna toi paikalle ripe\u00e4t 75 litraa Hailuodon panimon tuotteita, mik\u00e4 piti my\u00f6s juhlatunnelman katossa. Sanoisin, ett\u00e4 n\u00e4m\u00e4 juhlat olivat nimenomaan oululaisen alakulttuurin yhdistym\u00e4\u00e4. Esiintyjin\u00e4 oli paikallisia artisteja, mutta mukana oli my\u00f6s Tampereen edustusta \u2013 pient\u00e4 twisti\u00e4 siis.<\/p>\n\n\n\n<figure class=\"wp-block-image size-large\"><img loading=\"lazy\" decoding=\"async\" width=\"1024\" height=\"1024\" src=\"https:\/\/mirovornanen.mediasaari.fi\/wp-content\/uploads\/2026\/01\/telakka-kuva-2-nettiversio-1024x1024.jpg\" alt=\"\" class=\"wp-image-63\" srcset=\"https:\/\/mirovornanen.mediasaari.fi\/wp-content\/uploads\/2026\/01\/telakka-kuva-2-nettiversio-1024x1024.jpg 1024w, https:\/\/mirovornanen.mediasaari.fi\/wp-content\/uploads\/2026\/01\/telakka-kuva-2-nettiversio-300x300.jpg 300w, https:\/\/mirovornanen.mediasaari.fi\/wp-content\/uploads\/2026\/01\/telakka-kuva-2-nettiversio-150x150.jpg 150w, https:\/\/mirovornanen.mediasaari.fi\/wp-content\/uploads\/2026\/01\/telakka-kuva-2-nettiversio-768x768.jpg 768w, https:\/\/mirovornanen.mediasaari.fi\/wp-content\/uploads\/2026\/01\/telakka-kuva-2-nettiversio.jpg 1080w\" sizes=\"auto, (max-width: 1024px) 100vw, 1024px\" \/><\/figure>\n\n\n\n<p>illan alkusettin\u00e4 toimin min\u00e4 (patio) ja dilon rapan. soitettiin dilonin kanssa alkuillan tunnelmaan sopiva back to back -DJ-setti, jossa tyylilajina oli p\u00e4\u00e4osin funk ja r\u00e4ppi. Mik\u00e4 sen nostattavampaa kuin raikaava funk yhdistettyn\u00e4 r\u00e4pin tuomaan 808-rumpuun. L\u00e4mmitimme porukkaa r\u00e4ppikeikkoja varten ja onnistuimme siin\u00e4 melko hyvin.<\/p>\n\n\n\n<p>Seuraavana lavalle nousi oululais\u2013tampereelainen Passeli, joka pisti mikist\u00e4 tulemaan r\u00e4ppi\u00e4. T\u00e4ss\u00e4 vaiheessa minun oli pakko menn\u00e4 hapenpuutteen takia tupakalle \u2013 olimmehan olleet keikkatilassa jo tunteja. Ulkona tilannetta seuratessani porukka n\u00e4ytti kuitenkin nauttivan keikasta ja tunnelma oli katossa.<\/p>\n\n\n\n<p>Passelin j\u00e4lkeen tuli pieni tauko r\u00e4ppikeikkoihin, ja soitimme taas levyj\u00e4 Dilonin kanssa. Vaihdoimme funkista ja r\u00e4pist\u00e4 hieman tanssittavampaan musiikkiin, olihan kello jo miltei keskiy\u00f6. Soitimme noin puoli tuntia, mink\u00e4 j\u00e4lkeen oululainen r\u00e4ppipoppoo Antimateria aloitti keikkansa. J\u00e4lkik\u00e4teen ajateltuna olisi ollut j\u00e4rkev\u00e4mp\u00e4\u00e4 soittaa r\u00e4ppi\u00e4 ennen Antimateriaa, sill\u00e4 tyylit vaihtuivat minuuteissa tanssimusasta melankolisempaan r\u00e4ppiin. T\u00e4m\u00e4 ei kuitenkaan n\u00e4ytt\u00e4nyt vaivaavan yleis\u00f6\u00e4, joten mit\u00e4p\u00e4 pienist\u00e4.<\/p>\n\n\n\n<p>Antimaterian j\u00e4lkeen lavalle astuivat Kelepo ja Jiia. Porukka alkoi olla silmin n\u00e4hden humalassa, ja sen huomasi yleis\u00f6ss\u00e4: ihmiset tanssivat, hyppiv\u00e4t ja r\u00e4pp\u00e4siv\u00e4t versej\u00e4 mukana. Minun oli j\u00e4lleen pakko k\u00e4yd\u00e4 haukkaamassa happea, ja siin\u00e4 vaiheessa vasta tajusin, kuinka paljon porukkaa oli parin tunnin aikana valunut sis\u00e4\u00e4n. Siisti havahtuminen.<\/p>\n\n\n\n<p>P\u00e4\u00e4dyin porisemaan lahtelaisten vieraiden kanssa ainakin tunniksi, kunnes havahduin uudelleen \u2013 t\u00e4ll\u00e4 kertaa hiljaisuuteen. Tajusin, ett\u00e4 oli aika menn\u00e4 py\u00f6ritt\u00e4m\u00e4\u00e4n levyj\u00e4. T\u00e4ll\u00e4 kertaa otin kovat k\u00e4ytt\u00f6\u00f6n ja aloin luukuttamaan elektroa ja sun muuta humppaa. Soitot meniv\u00e4t pilviin ja keskittyminen oli pelk\u00e4st\u00e4\u00e4n levareissa. Onnistuin v\u00e4\u00e4nt\u00e4m\u00e4\u00e4n miksej\u00e4, joita en ollut aiemmin tehnyt, ja porukka otti tanssiaskeleita.<\/p>\n\n\n\n<p>Yksi kavereistani oli aivan p\u00e4hkin\u00f6iss\u00e4 Chris &amp; Coseyn ja Daniel Savion sekoittamisesta kesken\u00e4\u00e4n \u2013 ja syyst\u00e4. Se toimi t\u00e4ydellisesti. Ahh.<\/p>\n\n\n\n<p>Joka tapauksessa t\u00e4t\u00e4 jatkui aamuun kello kuuteen saakka, ja siin\u00e4 ajassa olin onnistunut soittamaan jokaisen mukanani olleen levyn. Bileet eiv\u00e4t silti loppuneet, ja porukkaa oli edelleen yll\u00e4tt\u00e4v\u00e4n paljon. Siirryimme Dilonin kanssa toiseen huoneeseen, miss\u00e4 p\u00e4\u00e4simme k\u00e4siksi talon sis\u00e4isiin kaiuttimiin ja soitimme YouTuben avustuksella lis\u00e4\u00e4 musiikkia. Porukka pelasi noppaa ja joi Mallassaunan antimia \u2013 mik\u00e4 tuon oululaisempaa.<\/p>\n\n\n\n<p>Onnistunut ilta, sanoisin. Aamulla kahdeksan aikaan alkoi ihmisill\u00e4 menn\u00e4 silm\u00e4t umpeen ja musiikki hiljentyi. Aika menn\u00e4 kottiin.<\/p>\n\n\n\n<p><\/p>\n","protected":false},"excerpt":{"rendered":"<p>Oulu 2026 kulttuurip\u00e4\u00e4kaupunki Avajaisfestareille odotettiin kymmeni\u00e4 tuhansia ihmisi\u00e4. Arvion mukaan k\u00e4vij\u00e4m\u00e4\u00e4r\u00e4 oli kokonaisuudessaan noin 250 000, joista 9 000 oli torinrannassa \u2013 min\u00e4 en. Samana p\u00e4iv\u00e4n\u00e4 oli Toppilan telakalla bileet, joissa toimin DJ:n\u00e4, ja aikani kului pitk\u00e4lti soundcheckeihin ja levyjen pl\u00e4r\u00e4\u00e4miseen. En siis p\u00e4\u00e4ssyt todistamaan avajaisfestareiden huumaa paikan p\u00e4\u00e4ll\u00e4. Kuulin kuitenkin, ett\u00e4 kaupungin vilin\u00e4 oli&hellip; <a class=\"more-link\" href=\"https:\/\/mirovornanen.mediasaari.fi\/index.php\/2026\/01\/21\/paivani-tuoreessa-kulttuuripaakaupungissa\/\">Jatka lukemista <span class=\"screen-reader-text\">P\u00e4iv\u00e4ni tuoreessa kulttuurip\u00e4\u00e4kaupungissa<\/span><\/a><\/p>\n","protected":false},"author":1,"featured_media":0,"comment_status":"open","ping_status":"open","sticky":false,"template":"","format":"standard","meta":{"footnotes":""},"categories":[1],"tags":[],"class_list":["post-61","post","type-post","status-publish","format-standard","hentry","category-kaikki","entry"],"_links":{"self":[{"href":"https:\/\/mirovornanen.mediasaari.fi\/index.php\/wp-json\/wp\/v2\/posts\/61","targetHints":{"allow":["GET"]}}],"collection":[{"href":"https:\/\/mirovornanen.mediasaari.fi\/index.php\/wp-json\/wp\/v2\/posts"}],"about":[{"href":"https:\/\/mirovornanen.mediasaari.fi\/index.php\/wp-json\/wp\/v2\/types\/post"}],"author":[{"embeddable":true,"href":"https:\/\/mirovornanen.mediasaari.fi\/index.php\/wp-json\/wp\/v2\/users\/1"}],"replies":[{"embeddable":true,"href":"https:\/\/mirovornanen.mediasaari.fi\/index.php\/wp-json\/wp\/v2\/comments?post=61"}],"version-history":[{"count":2,"href":"https:\/\/mirovornanen.mediasaari.fi\/index.php\/wp-json\/wp\/v2\/posts\/61\/revisions"}],"predecessor-version":[{"id":66,"href":"https:\/\/mirovornanen.mediasaari.fi\/index.php\/wp-json\/wp\/v2\/posts\/61\/revisions\/66"}],"wp:attachment":[{"href":"https:\/\/mirovornanen.mediasaari.fi\/index.php\/wp-json\/wp\/v2\/media?parent=61"}],"wp:term":[{"taxonomy":"category","embeddable":true,"href":"https:\/\/mirovornanen.mediasaari.fi\/index.php\/wp-json\/wp\/v2\/categories?post=61"},{"taxonomy":"post_tag","embeddable":true,"href":"https:\/\/mirovornanen.mediasaari.fi\/index.php\/wp-json\/wp\/v2\/tags?post=61"}],"curies":[{"name":"wp","href":"https:\/\/api.w.org\/{rel}","templated":true}]}}